{"id":285,"date":"2019-08-27T10:01:37","date_gmt":"2019-08-27T08:01:37","guid":{"rendered":"http:\/\/aaeir.eu\/?p=285"},"modified":"2019-08-27T10:05:42","modified_gmt":"2019-08-27T08:05:42","slug":"agenda-2019-2020","status":"publish","type":"post","link":"https:\/\/aaeir.eu\/index.php\/fr\/2019\/08\/27\/agenda-2019-2020\/","title":{"rendered":"Agenda 2019 &#8211; 2020"},"content":{"rendered":"<p>-R\u00e9union d&rsquo;information des 3 \u00e9tablissements mardi 24 septembre, 18h30, au lyc\u00e9e Chagall suivie de l&rsquo;assembl\u00e9e g\u00e9n\u00e9rale des adh\u00e9rents \u00e0 19h30<\/p>\n<p>-Soir\u00e9e dansante de bienvenue : samedi 12 octobre \u00e0 partir de 19h30 \u00e0 Reims, salle des Ph\u00e9niciens<\/p>\n<p>-Tea time and english brocante dimanche 13 octobre de 14h \u00e0 18h, salle des Ph\u00e9niciens, Reims<\/p>\n<p>-Pantomime \u00e0 Canterbury samedi 30 novembre 2019, \u00ab\u00a0Mother Goose\u00a0\u00bb<\/p>\n<p>-F\u00eate de No\u00ebl Lyc\u00e9e Chagall samedi 14 D\u00e9cembre 2019<\/p>\n<p>-Th\u00e9\u00e2tre en Anglais par la Cie OZ, \u00ab\u00a0Dracula\u00a0\u00bb, mardi 10 mars 2020 \u00e0 18h30, Th\u00e9\u00e2tre du Chemin Vert \u00e0 Reims<\/p>\n<p>Pour plus de renseignements :\u00a0<a href=\"mailto:contact@aaeir.eu\" target=\"_blank\" rel=\"noopener\">contact@aaeir.eu<\/a><\/p>\n<p>&nbsp;<\/p>\n<p><em>-Informational meeting of the 3 schools on September 24th, 06:30 PM, at lyc\u00e9e Chagall followed by the general meeting of the members at 07:30 PM<\/em><\/p>\n<p><em>-Dance evening : October 12th, from 07:30 PM, Reims, salle des Ph\u00e9niciens<\/em><\/p>\n<p><em>-Tea time and english brocante, October 13th, from 02:00 PM to 06:00 PM, salle des Ph\u00e9niciens, Reims<\/em><\/p>\n<p><em>-Pantomime in Canterbury, November 30th, 2019, \u00ab\u00a0Mother Goose\u00a0\u00bb<\/em><\/p>\n<p><em>-Arbre de No\u00ebl, Lyc\u00e9e Chagall, December 14th, 2019<\/em><\/p>\n<p><em>-La Compagnie OZ performs \u00ab\u00a0Dracula\u00a0\u00bb in FR and EN, March 10th, 2020, 06:30 PM, Th\u00e9\u00e2tre du Chemin Vert, Reims<\/em><\/p>\n<p><em>More info :\u00a0<a href=\"mailto:contact@aaeir.eu\" target=\"_blank\" rel=\"noopener\">contact@aaeir.eu<\/a><\/em><\/p>\n","protected":false},"excerpt":{"rendered":"<p>-R\u00e9union d&rsquo;information des 3 \u00e9tablissements mardi 24 septembre, 18h30, au lyc\u00e9e Chagall suivie de l&rsquo;assembl\u00e9e g\u00e9n\u00e9rale des adh\u00e9rents \u00e0 19h30 -Soir\u00e9e dansante de bienvenue : samedi 12 octobre \u00e0 partir &hellip; <a href=\"https:\/\/aaeir.eu\/index.php\/fr\/2019\/08\/27\/agenda-2019-2020\/\" class=\"more-link\">Continuer la lecture de <span class=\"screen-reader-text\">Agenda 2019 &#8211; 2020<\/span><\/a><\/p>\n","protected":false},"author":4,"featured_media":0,"comment_status":"open","ping_status":"open","sticky":false,"template":"","format":"standard","meta":{"footnotes":""},"categories":[10],"tags":[],"class_list":["post-285","post","type-post","status-publish","format-standard","hentry","category-non-classe-fr"],"_links":{"self":[{"href":"https:\/\/aaeir.eu\/index.php\/wp-json\/wp\/v2\/posts\/285","targetHints":{"allow":["GET"]}}],"collection":[{"href":"https:\/\/aaeir.eu\/index.php\/wp-json\/wp\/v2\/posts"}],"about":[{"href":"https:\/\/aaeir.eu\/index.php\/wp-json\/wp\/v2\/types\/post"}],"author":[{"embeddable":true,"href":"https:\/\/aaeir.eu\/index.php\/wp-json\/wp\/v2\/users\/4"}],"replies":[{"embeddable":true,"href":"https:\/\/aaeir.eu\/index.php\/wp-json\/wp\/v2\/comments?post=285"}],"version-history":[{"count":2,"href":"https:\/\/aaeir.eu\/index.php\/wp-json\/wp\/v2\/posts\/285\/revisions"}],"predecessor-version":[{"id":290,"href":"https:\/\/aaeir.eu\/index.php\/wp-json\/wp\/v2\/posts\/285\/revisions\/290"}],"wp:attachment":[{"href":"https:\/\/aaeir.eu\/index.php\/wp-json\/wp\/v2\/media?parent=285"}],"wp:term":[{"taxonomy":"category","embeddable":true,"href":"https:\/\/aaeir.eu\/index.php\/wp-json\/wp\/v2\/categories?post=285"},{"taxonomy":"post_tag","embeddable":true,"href":"https:\/\/aaeir.eu\/index.php\/wp-json\/wp\/v2\/tags?post=285"}],"curies":[{"name":"wp","href":"https:\/\/api.w.org\/{rel}","templated":true}]}}